{"id":284041,"date":"2026-03-03T10:57:51","date_gmt":"2026-03-03T09:57:51","guid":{"rendered":"https:\/\/www.ffbetania.net\/?p=284041"},"modified":"2026-03-03T10:57:56","modified_gmt":"2026-03-03T09:57:56","slug":"lancamento-da-pedra-fundamental-da-escola-nossa-senhora-aparecida","status":"publish","type":"post","link":"https:\/\/www.ffbetania.net\/pt-br\/lancamento-da-pedra-fundamental-da-escola-nossa-senhora-aparecida\/","title":{"rendered":"Lan\u00e7amento da Pedra Fundamental da Escola Nossa Senhora Aparecida"},"content":{"rendered":"<p>[et_pb_section fb_built=&#8221;1&#8243; _builder_version=&#8221;4.16&#8243; _module_preset=&#8221;default&#8221; global_colors_info=&#8221;{}&#8221;][et_pb_row _builder_version=&#8221;4.16&#8243; _module_preset=&#8221;default&#8221; global_colors_info=&#8221;{}&#8221;][et_pb_column type=&#8221;4_4&#8243; _builder_version=&#8221;4.16&#8243; _module_preset=&#8221;default&#8221; global_colors_info=&#8221;{}&#8221;][et_pb_text _builder_version=&#8221;4.27.4&#8243; _module_preset=&#8221;default&#8221; text_orientation=&#8221;center&#8221; hover_enabled=&#8221;0&#8243; global_colors_info=&#8221;{}&#8221; sticky_enabled=&#8221;0&#8243;]<\/p>\n<div dir=\"auto\">\u00a0<\/div>\n<div dir=\"auto\" style=\"text-align: left;\">No dia 19 de mar\u00e7o, \u00e0s 10h, ser\u00e1 celebrada a Santa Missa e a cerim\u00f4nia de lan\u00e7amento da pedra fundamental da Escola \u201cNossa Senhora Aparecida\u201d, marcando o in\u00edcio oficial deste importante projeto educacional. Um momento de f\u00e9 e esperan\u00e7a que coloca a nova escola sob a b\u00ean\u00e7\u00e3o de Deus e a servi\u00e7o da comunidade de Salvador.<\/div>\n<p style=\"text-align: left;\">[\/et_pb_text][\/et_pb_column][\/et_pb_row][et_pb_row column_structure=&#8221;1_3,1_3,1_3&#8243; _builder_version=&#8221;4.17.4&#8243; _module_preset=&#8221;default&#8221; global_colors_info=&#8221;{}&#8221;][et_pb_column type=&#8221;1_3&#8243; _builder_version=&#8221;4.17.4&#8243; _module_preset=&#8221;default&#8221; global_colors_info=&#8221;{}&#8221;][\/et_pb_column][et_pb_column type=&#8221;1_3&#8243; _builder_version=&#8221;4.17.4&#8243; _module_preset=&#8221;default&#8221; global_colors_info=&#8221;{}&#8221;][et_pb_image src=&#8221;https:\/\/www.ffbetania.net\/wp-content\/uploads\/2026\/03\/PosaPrimaPietra-scuola_FFB-Salvador2026.jpeg&#8221; title_text=&#8221;PosaPrimaPietra scuola_FFB Salvador2026&#8243; _builder_version=&#8221;4.27.4&#8243; _module_preset=&#8221;default&#8221; hover_enabled=&#8221;0&#8243; global_colors_info=&#8221;{}&#8221; sticky_enabled=&#8221;0&#8243;][\/et_pb_image][\/et_pb_column][et_pb_column type=&#8221;1_3&#8243; _builder_version=&#8221;4.17.4&#8243; _module_preset=&#8221;default&#8221; global_colors_info=&#8221;{}&#8221;][\/et_pb_column][\/et_pb_row][\/et_pb_section]<\/p>\n","protected":false},"excerpt":{"rendered":"<p>mais institucional<\/p>\n","protected":false},"author":11,"featured_media":284049,"comment_status":"closed","ping_status":"closed","sticky":false,"template":"","format":"standard","meta":{"_et_pb_use_builder":"on","_et_pb_old_content":"","_et_gb_content_width":"","footnotes":""},"categories":[195],"tags":[194,196],"class_list":["post-284041","post","type-post","status-publish","format-standard","has-post-thumbnail","hentry","category-news-pt-br","tag-ffb-salvador-de-bahia-pt-br","tag-fraternita-francescana-di-betania-pt-br"],"yoast_head":"<!-- This site is optimized with the Yoast SEO plugin v27.5 - https:\/\/yoast.com\/product\/yoast-seo-wordpress\/ -->\n<title>Lan\u00e7amento da Pedra Fundamental da Escola Nossa Senhora Aparecida - Fraternit\u00e0 Francescana di Betania<\/title>\n<meta name=\"robots\" content=\"index, follow, max-snippet:-1, max-image-preview:large, max-video-preview:-1\" \/>\n<link rel=\"canonical\" href=\"https:\/\/www.ffbetania.net\/pt-br\/lancamento-da-pedra-fundamental-da-escola-nossa-senhora-aparecida\/\" \/>\n<meta property=\"og:locale\" content=\"pt_BR\" \/>\n<meta property=\"og:type\" content=\"article\" \/>\n<meta property=\"og:title\" content=\"Lan\u00e7amento da Pedra Fundamental da Escola Nossa Senhora Aparecida - Fraternit\u00e0 Francescana di Betania\" \/>\n<meta property=\"og:description\" content=\"mais institucional\" \/>\n<meta property=\"og:url\" content=\"https:\/\/www.ffbetania.net\/pt-br\/lancamento-da-pedra-fundamental-da-escola-nossa-senhora-aparecida\/\" \/>\n<meta property=\"og:site_name\" content=\"Fraternit\u00e0 Francescana di Betania\" \/>\n<meta property=\"article:published_time\" content=\"2026-03-03T09:57:51+00:00\" \/>\n<meta property=\"article:modified_time\" content=\"2026-03-03T09:57:56+00:00\" \/>\n<meta property=\"og:image\" content=\"https:\/\/www.ffbetania.net\/wp-content\/uploads\/2026\/03\/posaprimapietrabrasileffb.png\" \/>\n\t<meta property=\"og:image:width\" content=\"851\" \/>\n\t<meta property=\"og:image:height\" content=\"315\" \/>\n\t<meta property=\"og:image:type\" content=\"image\/png\" \/>\n<meta name=\"author\" content=\"Fondazione Betania\" \/>\n<meta name=\"twitter:card\" content=\"summary_large_image\" \/>\n<meta name=\"twitter:label1\" content=\"Escrito por\" \/>\n\t<meta name=\"twitter:data1\" content=\"Fondazione Betania\" \/>\n\t<meta name=\"twitter:label2\" content=\"Est. tempo de leitura\" \/>\n\t<meta name=\"twitter:data2\" content=\"1 minuto\" \/>\n<script type=\"application\/ld+json\" class=\"yoast-schema-graph\">{\"@context\":\"https:\\\/\\\/schema.org\",\"@graph\":[{\"@type\":\"Article\",\"@id\":\"https:\\\/\\\/www.ffbetania.net\\\/pt-br\\\/lancamento-da-pedra-fundamental-da-escola-nossa-senhora-aparecida\\\/#article\",\"isPartOf\":{\"@id\":\"https:\\\/\\\/www.ffbetania.net\\\/pt-br\\\/lancamento-da-pedra-fundamental-da-escola-nossa-senhora-aparecida\\\/\"},\"author\":{\"name\":\"Fondazione Betania\",\"@id\":\"https:\\\/\\\/www.ffbetania.net\\\/pt-br\\\/#\\\/schema\\\/person\\\/64e66156f6ce9a7743692990b4cee977\"},\"headline\":\"Lan\u00e7amento da Pedra Fundamental da Escola Nossa Senhora Aparecida\",\"datePublished\":\"2026-03-03T09:57:51+00:00\",\"dateModified\":\"2026-03-03T09:57:56+00:00\",\"mainEntityOfPage\":{\"@id\":\"https:\\\/\\\/www.ffbetania.net\\\/pt-br\\\/lancamento-da-pedra-fundamental-da-escola-nossa-senhora-aparecida\\\/\"},\"wordCount\":234,\"image\":{\"@id\":\"https:\\\/\\\/www.ffbetania.net\\\/pt-br\\\/lancamento-da-pedra-fundamental-da-escola-nossa-senhora-aparecida\\\/#primaryimage\"},\"thumbnailUrl\":\"https:\\\/\\\/www.ffbetania.net\\\/wp-content\\\/uploads\\\/2026\\\/03\\\/posaprimapietrabrasileffb.png\",\"keywords\":[\"FFB Salvador de Bahia\",\"Fraternit\u00e0 Francescana di Betania\"],\"articleSection\":[\"News\"],\"inLanguage\":\"pt-BR\"},{\"@type\":\"WebPage\",\"@id\":\"https:\\\/\\\/www.ffbetania.net\\\/pt-br\\\/lancamento-da-pedra-fundamental-da-escola-nossa-senhora-aparecida\\\/\",\"url\":\"https:\\\/\\\/www.ffbetania.net\\\/pt-br\\\/lancamento-da-pedra-fundamental-da-escola-nossa-senhora-aparecida\\\/\",\"name\":\"Lan\u00e7amento da Pedra Fundamental da Escola Nossa Senhora Aparecida - Fraternit\u00e0 Francescana di Betania\",\"isPartOf\":{\"@id\":\"https:\\\/\\\/www.ffbetania.net\\\/pt-br\\\/#website\"},\"primaryImageOfPage\":{\"@id\":\"https:\\\/\\\/www.ffbetania.net\\\/pt-br\\\/lancamento-da-pedra-fundamental-da-escola-nossa-senhora-aparecida\\\/#primaryimage\"},\"image\":{\"@id\":\"https:\\\/\\\/www.ffbetania.net\\\/pt-br\\\/lancamento-da-pedra-fundamental-da-escola-nossa-senhora-aparecida\\\/#primaryimage\"},\"thumbnailUrl\":\"https:\\\/\\\/www.ffbetania.net\\\/wp-content\\\/uploads\\\/2026\\\/03\\\/posaprimapietrabrasileffb.png\",\"datePublished\":\"2026-03-03T09:57:51+00:00\",\"dateModified\":\"2026-03-03T09:57:56+00:00\",\"author\":{\"@id\":\"https:\\\/\\\/www.ffbetania.net\\\/pt-br\\\/#\\\/schema\\\/person\\\/64e66156f6ce9a7743692990b4cee977\"},\"breadcrumb\":{\"@id\":\"https:\\\/\\\/www.ffbetania.net\\\/pt-br\\\/lancamento-da-pedra-fundamental-da-escola-nossa-senhora-aparecida\\\/#breadcrumb\"},\"inLanguage\":\"pt-BR\",\"potentialAction\":[{\"@type\":\"ReadAction\",\"target\":[\"https:\\\/\\\/www.ffbetania.net\\\/pt-br\\\/lancamento-da-pedra-fundamental-da-escola-nossa-senhora-aparecida\\\/\"]}]},{\"@type\":\"ImageObject\",\"inLanguage\":\"pt-BR\",\"@id\":\"https:\\\/\\\/www.ffbetania.net\\\/pt-br\\\/lancamento-da-pedra-fundamental-da-escola-nossa-senhora-aparecida\\\/#primaryimage\",\"url\":\"https:\\\/\\\/www.ffbetania.net\\\/wp-content\\\/uploads\\\/2026\\\/03\\\/posaprimapietrabrasileffb.png\",\"contentUrl\":\"https:\\\/\\\/www.ffbetania.net\\\/wp-content\\\/uploads\\\/2026\\\/03\\\/posaprimapietrabrasileffb.png\",\"width\":851,\"height\":315},{\"@type\":\"BreadcrumbList\",\"@id\":\"https:\\\/\\\/www.ffbetania.net\\\/pt-br\\\/lancamento-da-pedra-fundamental-da-escola-nossa-senhora-aparecida\\\/#breadcrumb\",\"itemListElement\":[{\"@type\":\"ListItem\",\"position\":1,\"name\":\"Home\",\"item\":\"https:\\\/\\\/www.ffbetania.net\\\/pt-br\\\/\"},{\"@type\":\"ListItem\",\"position\":2,\"name\":\"Lan\u00e7amento da Pedra Fundamental da Escola Nossa Senhora Aparecida\"}]},{\"@type\":\"WebSite\",\"@id\":\"https:\\\/\\\/www.ffbetania.net\\\/pt-br\\\/#website\",\"url\":\"https:\\\/\\\/www.ffbetania.net\\\/pt-br\\\/\",\"name\":\"Fraternit\u00e0 Francescana di Betania\",\"description\":\"La Fraternit\u00e0 Francescana di Betania \u00e8 lieta di rendervi partecipi di questa gioia\",\"potentialAction\":[{\"@type\":\"SearchAction\",\"target\":{\"@type\":\"EntryPoint\",\"urlTemplate\":\"https:\\\/\\\/www.ffbetania.net\\\/pt-br\\\/?s={search_term_string}\"},\"query-input\":{\"@type\":\"PropertyValueSpecification\",\"valueRequired\":true,\"valueName\":\"search_term_string\"}}],\"inLanguage\":\"pt-BR\"},{\"@type\":\"Person\",\"@id\":\"https:\\\/\\\/www.ffbetania.net\\\/pt-br\\\/#\\\/schema\\\/person\\\/64e66156f6ce9a7743692990b4cee977\",\"name\":\"Fondazione Betania\",\"image\":{\"@type\":\"ImageObject\",\"inLanguage\":\"pt-BR\",\"@id\":\"https:\\\/\\\/secure.gravatar.com\\\/avatar\\\/afddebf2b85a18bf3fc4122a6f37109b46c7e8fd842b01f54f29255ce0499d2f?s=96&d=mm&r=g\",\"url\":\"https:\\\/\\\/secure.gravatar.com\\\/avatar\\\/afddebf2b85a18bf3fc4122a6f37109b46c7e8fd842b01f54f29255ce0499d2f?s=96&d=mm&r=g\",\"contentUrl\":\"https:\\\/\\\/secure.gravatar.com\\\/avatar\\\/afddebf2b85a18bf3fc4122a6f37109b46c7e8fd842b01f54f29255ce0499d2f?s=96&d=mm&r=g\",\"caption\":\"Fondazione Betania\"},\"url\":\"https:\\\/\\\/www.ffbetania.net\\\/pt-br\\\/author\\\/fondazione\\\/\"}]}<\/script>\n<!-- \/ Yoast SEO plugin. -->","yoast_head_json":{"title":"Lan\u00e7amento da Pedra Fundamental da Escola Nossa Senhora Aparecida - Fraternit\u00e0 Francescana di Betania","robots":{"index":"index","follow":"follow","max-snippet":"max-snippet:-1","max-image-preview":"max-image-preview:large","max-video-preview":"max-video-preview:-1"},"canonical":"https:\/\/www.ffbetania.net\/pt-br\/lancamento-da-pedra-fundamental-da-escola-nossa-senhora-aparecida\/","og_locale":"pt_BR","og_type":"article","og_title":"Lan\u00e7amento da Pedra Fundamental da Escola Nossa Senhora Aparecida - Fraternit\u00e0 Francescana di Betania","og_description":"mais institucional","og_url":"https:\/\/www.ffbetania.net\/pt-br\/lancamento-da-pedra-fundamental-da-escola-nossa-senhora-aparecida\/","og_site_name":"Fraternit\u00e0 Francescana di Betania","article_published_time":"2026-03-03T09:57:51+00:00","article_modified_time":"2026-03-03T09:57:56+00:00","og_image":[{"width":851,"height":315,"url":"https:\/\/www.ffbetania.net\/wp-content\/uploads\/2026\/03\/posaprimapietrabrasileffb.png","type":"image\/png"}],"author":"Fondazione Betania","twitter_card":"summary_large_image","twitter_misc":{"Escrito por":"Fondazione Betania","Est. tempo de leitura":"1 minuto"},"schema":{"@context":"https:\/\/schema.org","@graph":[{"@type":"Article","@id":"https:\/\/www.ffbetania.net\/pt-br\/lancamento-da-pedra-fundamental-da-escola-nossa-senhora-aparecida\/#article","isPartOf":{"@id":"https:\/\/www.ffbetania.net\/pt-br\/lancamento-da-pedra-fundamental-da-escola-nossa-senhora-aparecida\/"},"author":{"name":"Fondazione Betania","@id":"https:\/\/www.ffbetania.net\/pt-br\/#\/schema\/person\/64e66156f6ce9a7743692990b4cee977"},"headline":"Lan\u00e7amento da Pedra Fundamental da Escola Nossa Senhora Aparecida","datePublished":"2026-03-03T09:57:51+00:00","dateModified":"2026-03-03T09:57:56+00:00","mainEntityOfPage":{"@id":"https:\/\/www.ffbetania.net\/pt-br\/lancamento-da-pedra-fundamental-da-escola-nossa-senhora-aparecida\/"},"wordCount":234,"image":{"@id":"https:\/\/www.ffbetania.net\/pt-br\/lancamento-da-pedra-fundamental-da-escola-nossa-senhora-aparecida\/#primaryimage"},"thumbnailUrl":"https:\/\/www.ffbetania.net\/wp-content\/uploads\/2026\/03\/posaprimapietrabrasileffb.png","keywords":["FFB Salvador de Bahia","Fraternit\u00e0 Francescana di Betania"],"articleSection":["News"],"inLanguage":"pt-BR"},{"@type":"WebPage","@id":"https:\/\/www.ffbetania.net\/pt-br\/lancamento-da-pedra-fundamental-da-escola-nossa-senhora-aparecida\/","url":"https:\/\/www.ffbetania.net\/pt-br\/lancamento-da-pedra-fundamental-da-escola-nossa-senhora-aparecida\/","name":"Lan\u00e7amento da Pedra Fundamental da Escola Nossa Senhora Aparecida - Fraternit\u00e0 Francescana di Betania","isPartOf":{"@id":"https:\/\/www.ffbetania.net\/pt-br\/#website"},"primaryImageOfPage":{"@id":"https:\/\/www.ffbetania.net\/pt-br\/lancamento-da-pedra-fundamental-da-escola-nossa-senhora-aparecida\/#primaryimage"},"image":{"@id":"https:\/\/www.ffbetania.net\/pt-br\/lancamento-da-pedra-fundamental-da-escola-nossa-senhora-aparecida\/#primaryimage"},"thumbnailUrl":"https:\/\/www.ffbetania.net\/wp-content\/uploads\/2026\/03\/posaprimapietrabrasileffb.png","datePublished":"2026-03-03T09:57:51+00:00","dateModified":"2026-03-03T09:57:56+00:00","author":{"@id":"https:\/\/www.ffbetania.net\/pt-br\/#\/schema\/person\/64e66156f6ce9a7743692990b4cee977"},"breadcrumb":{"@id":"https:\/\/www.ffbetania.net\/pt-br\/lancamento-da-pedra-fundamental-da-escola-nossa-senhora-aparecida\/#breadcrumb"},"inLanguage":"pt-BR","potentialAction":[{"@type":"ReadAction","target":["https:\/\/www.ffbetania.net\/pt-br\/lancamento-da-pedra-fundamental-da-escola-nossa-senhora-aparecida\/"]}]},{"@type":"ImageObject","inLanguage":"pt-BR","@id":"https:\/\/www.ffbetania.net\/pt-br\/lancamento-da-pedra-fundamental-da-escola-nossa-senhora-aparecida\/#primaryimage","url":"https:\/\/www.ffbetania.net\/wp-content\/uploads\/2026\/03\/posaprimapietrabrasileffb.png","contentUrl":"https:\/\/www.ffbetania.net\/wp-content\/uploads\/2026\/03\/posaprimapietrabrasileffb.png","width":851,"height":315},{"@type":"BreadcrumbList","@id":"https:\/\/www.ffbetania.net\/pt-br\/lancamento-da-pedra-fundamental-da-escola-nossa-senhora-aparecida\/#breadcrumb","itemListElement":[{"@type":"ListItem","position":1,"name":"Home","item":"https:\/\/www.ffbetania.net\/pt-br\/"},{"@type":"ListItem","position":2,"name":"Lan\u00e7amento da Pedra Fundamental da Escola Nossa Senhora Aparecida"}]},{"@type":"WebSite","@id":"https:\/\/www.ffbetania.net\/pt-br\/#website","url":"https:\/\/www.ffbetania.net\/pt-br\/","name":"Fraternit\u00e0 Francescana di Betania","description":"La Fraternit\u00e0 Francescana di Betania \u00e8 lieta di rendervi partecipi di questa gioia","potentialAction":[{"@type":"SearchAction","target":{"@type":"EntryPoint","urlTemplate":"https:\/\/www.ffbetania.net\/pt-br\/?s={search_term_string}"},"query-input":{"@type":"PropertyValueSpecification","valueRequired":true,"valueName":"search_term_string"}}],"inLanguage":"pt-BR"},{"@type":"Person","@id":"https:\/\/www.ffbetania.net\/pt-br\/#\/schema\/person\/64e66156f6ce9a7743692990b4cee977","name":"Fondazione Betania","image":{"@type":"ImageObject","inLanguage":"pt-BR","@id":"https:\/\/secure.gravatar.com\/avatar\/afddebf2b85a18bf3fc4122a6f37109b46c7e8fd842b01f54f29255ce0499d2f?s=96&d=mm&r=g","url":"https:\/\/secure.gravatar.com\/avatar\/afddebf2b85a18bf3fc4122a6f37109b46c7e8fd842b01f54f29255ce0499d2f?s=96&d=mm&r=g","contentUrl":"https:\/\/secure.gravatar.com\/avatar\/afddebf2b85a18bf3fc4122a6f37109b46c7e8fd842b01f54f29255ce0499d2f?s=96&d=mm&r=g","caption":"Fondazione Betania"},"url":"https:\/\/www.ffbetania.net\/pt-br\/author\/fondazione\/"}]}},"_links":{"self":[{"href":"https:\/\/www.ffbetania.net\/pt-br\/wp-json\/wp\/v2\/posts\/284041","targetHints":{"allow":["GET"]}}],"collection":[{"href":"https:\/\/www.ffbetania.net\/pt-br\/wp-json\/wp\/v2\/posts"}],"about":[{"href":"https:\/\/www.ffbetania.net\/pt-br\/wp-json\/wp\/v2\/types\/post"}],"author":[{"embeddable":true,"href":"https:\/\/www.ffbetania.net\/pt-br\/wp-json\/wp\/v2\/users\/11"}],"replies":[{"embeddable":true,"href":"https:\/\/www.ffbetania.net\/pt-br\/wp-json\/wp\/v2\/comments?post=284041"}],"version-history":[{"count":2,"href":"https:\/\/www.ffbetania.net\/pt-br\/wp-json\/wp\/v2\/posts\/284041\/revisions"}],"predecessor-version":[{"id":284054,"href":"https:\/\/www.ffbetania.net\/pt-br\/wp-json\/wp\/v2\/posts\/284041\/revisions\/284054"}],"wp:featuredmedia":[{"embeddable":true,"href":"https:\/\/www.ffbetania.net\/pt-br\/wp-json\/wp\/v2\/media\/284049"}],"wp:attachment":[{"href":"https:\/\/www.ffbetania.net\/pt-br\/wp-json\/wp\/v2\/media?parent=284041"}],"wp:term":[{"taxonomy":"category","embeddable":true,"href":"https:\/\/www.ffbetania.net\/pt-br\/wp-json\/wp\/v2\/categories?post=284041"},{"taxonomy":"post_tag","embeddable":true,"href":"https:\/\/www.ffbetania.net\/pt-br\/wp-json\/wp\/v2\/tags?post=284041"}],"curies":[{"name":"wp","href":"https:\/\/api.w.org\/{rel}","templated":true}]}}