{"id":265783,"date":"2025-10-16T16:19:20","date_gmt":"2025-10-16T14:19:20","guid":{"rendered":"https:\/\/www.ffbetania.net\/?p=265783"},"modified":"2025-10-31T12:14:28","modified_gmt":"2025-10-31T11:14:28","slug":"sozialer-weinachtsmarkt","status":"publish","type":"post","link":"https:\/\/www.ffbetania.net\/de\/sozialer-weinachtsmarkt\/","title":{"rendered":"Sozialer Weihnachtsmarkt"},"content":{"rendered":"<p>[et_pb_section fb_built=&#8220;1&#8243; _builder_version=&#8220;4.27.4&#8243; _module_preset=&#8220;default&#8220; global_colors_info=&#8220;{}&#8220;][et_pb_row column_structure=&#8220;1_3,2_3&#8243; _builder_version=&#8220;4.27.4&#8243; _module_preset=&#8220;default&#8220; custom_padding=&#8220;38px|2%||2%|false|true&#8220; global_colors_info=&#8220;{}&#8220;][et_pb_column type=&#8220;1_3&#8243; _builder_version=&#8220;4.27.4&#8243; _module_preset=&#8220;default&#8220; global_colors_info=&#8220;{}&#8220;][et_pb_image src=&#8220;https:\/\/www.ffbetania.net\/wp-content\/uploads\/2025\/10\/IMG-20251005-WA0011.jpg&#8220; title_text=&#8220;IMG-20251005-WA0011&#8243; _builder_version=&#8220;4.27.4&#8243; _module_preset=&#8220;default&#8220; custom_padding=&#8220;|0px||||&#8220; global_colors_info=&#8220;{}&#8220;][\/et_pb_image][\/et_pb_column][et_pb_column type=&#8220;2_3&#8243; _builder_version=&#8220;4.27.4&#8243; _module_preset=&#8220;default&#8220; global_colors_info=&#8220;{}&#8220;][et_pb_blurb _builder_version=&#8220;4.27.4&#8243; _module_preset=&#8220;default&#8220; custom_margin=&#8220;0px||||false|false&#8220; custom_padding=&#8220;2px||||false|false&#8220; hover_enabled=&#8220;0&#8243; inline_fonts=&#8220;Alegreya,Amaranth,Anek Telugu,Aladin&#8220; global_colors_info=&#8220;{}&#8220; sticky_enabled=&#8220;0&#8243;]<\/p>\n<p style=\"text-align: center;\">\n<p style=\"text-align: center;\"><span style=\"font-size: x-large; color: #153d36;\"><strong>Ein Weihnachtsmarkt der besonderen Art in stimmungsvoller Atmosph\u00e4re.<\/strong><\/span><\/p>\n<p style=\"text-align: center;\">\n<blockquote>\n<p><span style=\"font-family: Aladin; font-weight: normal; font-size: x-large;\"><em><span style=\"color: #141827;\">Statt gro\u00dfer und teurer Weihnachtseink\u00e4ufe stehen hier Herzensgeschenke im Mittelpunkt \u2013 liebevoll gefertigte Handarbeiten, mit denen Besucherinnen und Besucher Menschen in Not unterst\u00fctzen k\u00f6nnen. Rund 20 soziale Vereine pr\u00e4sentieren ihre Arbeiten und sammeln Spenden f\u00fcr ihre jeweiligen Hilfsprogramme.<\/span><\/em><\/span><\/p>\n<p>&nbsp;<\/p>\n<p><span style=\"font-family: Aladin; font-weight: normal; font-size: x-large;\"><em><span style=\"color: #141827;\">Neben dem St\u00f6bern und Entdecken gibt es auch f\u00fcr das leibliche Wohl einiges zu genie\u00dfen: Die franziskanischen Br\u00fcder und Schwestern sowie die Frauen des SKF verw\u00f6hnen G\u00e4ste mit Pizza, Bratwurst, Kaffee und Kuchen.<\/span><\/em><\/span><\/p>\n<p>&nbsp;<\/p>\n<p>&nbsp;<\/p>\n<\/blockquote>\n<p>[\/et_pb_blurb][et_pb_blurb _builder_version=&#8220;4.27.4&#8243; _module_preset=&#8220;default&#8220; body_font_size=&#8220;15px&#8220; body_letter_spacing=&#8220;1px&#8220; custom_margin=&#8220;5px||2px||false|false&#8220; custom_padding=&#8220;17px||0px||false|false&#8220; global_colors_info=&#8220;{}&#8220;]<\/p>\n<p style=\"text-align: center;\"><i style=\"color: #af5757; font-family: Amaranth; font-size: x-large;\"><b>Erleben Sie einen Weihnachtsmarkt, der W\u00e4rme schenkt \u2013 im doppelten Sinne.<br \/>\nKommen Sie vorbei und genie\u00dfen Sie die besondere Atmosph\u00e4re im Kapuzinergarten!\u00a0<\/b><\/i><\/p>\n<p>[\/et_pb_blurb][\/et_pb_column][\/et_pb_row][\/et_pb_section]<\/p>\n","protected":false},"excerpt":{"rendered":"<p>ADVENTZEIT MIT DER FRANZISKANISCHE GEMEINSCHAFT VON BETANIEN<\/p>\n","protected":false},"author":14,"featured_media":265765,"comment_status":"closed","ping_status":"closed","sticky":false,"template":"","format":"standard","meta":{"_et_pb_use_builder":"on","_et_pb_old_content":"","_et_gb_content_width":"","footnotes":""},"categories":[191,178],"tags":[180,181,179],"class_list":["post-265783","post","type-post","status-publish","format-standard","has-post-thumbnail","hentry","category-aktuelles-fraternita","category-aschaffenburg","tag-fgb","tag-fgb-aschaffenburg","tag-fraternita-francescana-di-betania-de"],"yoast_head":"<!-- This site is optimized with the Yoast SEO plugin v27.5 - https:\/\/yoast.com\/product\/yoast-seo-wordpress\/ -->\n<title>Sozialer Weihnachtsmarkt - Fraternit\u00e0 Francescana di Betania<\/title>\n<meta name=\"description\" content=\"Ein Weihnachtsmarkt der besonderen Art in stimmungsvoller Atmosph\u00e4reAm ersten Adventssonntag, 30. November 2025, l\u00e4dt der Soziale Weihnachtsmarkt von 12 bis 17 Uhr in den idyllischen Garten des Kapuzinerklosters Aschaffenburg ein.\" \/>\n<meta name=\"robots\" content=\"index, follow, max-snippet:-1, max-image-preview:large, max-video-preview:-1\" \/>\n<link rel=\"canonical\" href=\"https:\/\/www.ffbetania.net\/de\/sozialer-weinachtsmarkt\/\" \/>\n<meta property=\"og:locale\" content=\"de_DE\" \/>\n<meta property=\"og:type\" content=\"article\" \/>\n<meta property=\"og:title\" content=\"Sozialer Weihnachtsmarkt - Fraternit\u00e0 Francescana di Betania\" \/>\n<meta property=\"og:description\" content=\"Ein Weihnachtsmarkt der besonderen Art in stimmungsvoller Atmosph\u00e4reAm ersten Adventssonntag, 30. November 2025, l\u00e4dt der Soziale Weihnachtsmarkt von 12 bis 17 Uhr in den idyllischen Garten des Kapuzinerklosters Aschaffenburg ein.\" \/>\n<meta property=\"og:url\" content=\"https:\/\/www.ffbetania.net\/de\/sozialer-weinachtsmarkt\/\" \/>\n<meta property=\"og:site_name\" content=\"Fraternit\u00e0 Francescana di Betania\" \/>\n<meta property=\"article:published_time\" content=\"2025-10-16T14:19:20+00:00\" \/>\n<meta property=\"article:modified_time\" content=\"2025-10-31T11:14:28+00:00\" \/>\n<meta property=\"og:image\" content=\"https:\/\/www.ffbetania.net\/wp-content\/uploads\/2025\/10\/IMG-20251005-WA0011.jpg\" \/>\n\t<meta property=\"og:image:width\" content=\"1080\" \/>\n\t<meta property=\"og:image:height\" content=\"1350\" \/>\n\t<meta property=\"og:image:type\" content=\"image\/jpeg\" \/>\n<meta name=\"author\" content=\"FFB Ashaffenburg\" \/>\n<meta name=\"twitter:card\" content=\"summary_large_image\" \/>\n<meta name=\"twitter:label1\" content=\"Verfasst von\" \/>\n\t<meta name=\"twitter:data1\" content=\"FFB Ashaffenburg\" \/>\n\t<meta name=\"twitter:label2\" content=\"Gesch\u00e4tzte Lesezeit\" \/>\n\t<meta name=\"twitter:data2\" content=\"1\u00a0Minute\" \/>\n<script type=\"application\/ld+json\" class=\"yoast-schema-graph\">{\"@context\":\"https:\\\/\\\/schema.org\",\"@graph\":[{\"@type\":\"Article\",\"@id\":\"https:\\\/\\\/www.ffbetania.net\\\/de\\\/sozialer-weinachtsmarkt\\\/#article\",\"isPartOf\":{\"@id\":\"https:\\\/\\\/www.ffbetania.net\\\/de\\\/sozialer-weinachtsmarkt\\\/\"},\"author\":{\"name\":\"FFB Ashaffenburg\",\"@id\":\"https:\\\/\\\/www.ffbetania.net\\\/de\\\/#\\\/schema\\\/person\\\/eff4224d24aceb1a69a032b49d4e66e7\"},\"headline\":\"Sozialer Weihnachtsmarkt\",\"datePublished\":\"2025-10-16T14:19:20+00:00\",\"dateModified\":\"2025-10-31T11:14:28+00:00\",\"mainEntityOfPage\":{\"@id\":\"https:\\\/\\\/www.ffbetania.net\\\/de\\\/sozialer-weinachtsmarkt\\\/\"},\"wordCount\":286,\"image\":{\"@id\":\"https:\\\/\\\/www.ffbetania.net\\\/de\\\/sozialer-weinachtsmarkt\\\/#primaryimage\"},\"thumbnailUrl\":\"https:\\\/\\\/www.ffbetania.net\\\/wp-content\\\/uploads\\\/2025\\\/10\\\/IMG-20251005-WA0011.jpg\",\"keywords\":[\"FGB\",\"FGB Aschaffenburg\",\"Fraternit\u00e0 Francescana di Betania\"],\"articleSection\":[\"Aktuelles Fraternit\u00e0\",\"Aschaffenburg\"],\"inLanguage\":\"de\"},{\"@type\":\"WebPage\",\"@id\":\"https:\\\/\\\/www.ffbetania.net\\\/de\\\/sozialer-weinachtsmarkt\\\/\",\"url\":\"https:\\\/\\\/www.ffbetania.net\\\/de\\\/sozialer-weinachtsmarkt\\\/\",\"name\":\"Sozialer Weihnachtsmarkt - Fraternit\u00e0 Francescana di Betania\",\"isPartOf\":{\"@id\":\"https:\\\/\\\/www.ffbetania.net\\\/de\\\/#website\"},\"primaryImageOfPage\":{\"@id\":\"https:\\\/\\\/www.ffbetania.net\\\/de\\\/sozialer-weinachtsmarkt\\\/#primaryimage\"},\"image\":{\"@id\":\"https:\\\/\\\/www.ffbetania.net\\\/de\\\/sozialer-weinachtsmarkt\\\/#primaryimage\"},\"thumbnailUrl\":\"https:\\\/\\\/www.ffbetania.net\\\/wp-content\\\/uploads\\\/2025\\\/10\\\/IMG-20251005-WA0011.jpg\",\"datePublished\":\"2025-10-16T14:19:20+00:00\",\"dateModified\":\"2025-10-31T11:14:28+00:00\",\"author\":{\"@id\":\"https:\\\/\\\/www.ffbetania.net\\\/de\\\/#\\\/schema\\\/person\\\/eff4224d24aceb1a69a032b49d4e66e7\"},\"description\":\"Ein Weihnachtsmarkt der besonderen Art in stimmungsvoller Atmosph\u00e4reAm ersten Adventssonntag, 30. November 2025, l\u00e4dt der Soziale Weihnachtsmarkt von 12 bis 17 Uhr in den idyllischen Garten des Kapuzinerklosters Aschaffenburg ein.\",\"breadcrumb\":{\"@id\":\"https:\\\/\\\/www.ffbetania.net\\\/de\\\/sozialer-weinachtsmarkt\\\/#breadcrumb\"},\"inLanguage\":\"de\",\"potentialAction\":[{\"@type\":\"ReadAction\",\"target\":[\"https:\\\/\\\/www.ffbetania.net\\\/de\\\/sozialer-weinachtsmarkt\\\/\"]}]},{\"@type\":\"ImageObject\",\"inLanguage\":\"de\",\"@id\":\"https:\\\/\\\/www.ffbetania.net\\\/de\\\/sozialer-weinachtsmarkt\\\/#primaryimage\",\"url\":\"https:\\\/\\\/www.ffbetania.net\\\/wp-content\\\/uploads\\\/2025\\\/10\\\/IMG-20251005-WA0011.jpg\",\"contentUrl\":\"https:\\\/\\\/www.ffbetania.net\\\/wp-content\\\/uploads\\\/2025\\\/10\\\/IMG-20251005-WA0011.jpg\",\"width\":1080,\"height\":1350},{\"@type\":\"BreadcrumbList\",\"@id\":\"https:\\\/\\\/www.ffbetania.net\\\/de\\\/sozialer-weinachtsmarkt\\\/#breadcrumb\",\"itemListElement\":[{\"@type\":\"ListItem\",\"position\":1,\"name\":\"Home\",\"item\":\"https:\\\/\\\/www.ffbetania.net\\\/de\\\/\"},{\"@type\":\"ListItem\",\"position\":2,\"name\":\"Sozialer Weihnachtsmarkt\"}]},{\"@type\":\"WebSite\",\"@id\":\"https:\\\/\\\/www.ffbetania.net\\\/de\\\/#website\",\"url\":\"https:\\\/\\\/www.ffbetania.net\\\/de\\\/\",\"name\":\"Fraternit\u00e0 Francescana di Betania\",\"description\":\"La Fraternit\u00e0 Francescana di Betania \u00e8 lieta di rendervi partecipi di questa gioia\",\"potentialAction\":[{\"@type\":\"SearchAction\",\"target\":{\"@type\":\"EntryPoint\",\"urlTemplate\":\"https:\\\/\\\/www.ffbetania.net\\\/de\\\/?s={search_term_string}\"},\"query-input\":{\"@type\":\"PropertyValueSpecification\",\"valueRequired\":true,\"valueName\":\"search_term_string\"}}],\"inLanguage\":\"de\"},{\"@type\":\"Person\",\"@id\":\"https:\\\/\\\/www.ffbetania.net\\\/de\\\/#\\\/schema\\\/person\\\/eff4224d24aceb1a69a032b49d4e66e7\",\"name\":\"FFB Ashaffenburg\",\"image\":{\"@type\":\"ImageObject\",\"inLanguage\":\"de\",\"@id\":\"https:\\\/\\\/secure.gravatar.com\\\/avatar\\\/130771f1ea51c40df9f80c1cbb99cfd8f326251d9b6cc9890942585a4a6439d5?s=96&d=mm&r=g\",\"url\":\"https:\\\/\\\/secure.gravatar.com\\\/avatar\\\/130771f1ea51c40df9f80c1cbb99cfd8f326251d9b6cc9890942585a4a6439d5?s=96&d=mm&r=g\",\"contentUrl\":\"https:\\\/\\\/secure.gravatar.com\\\/avatar\\\/130771f1ea51c40df9f80c1cbb99cfd8f326251d9b6cc9890942585a4a6439d5?s=96&d=mm&r=g\",\"caption\":\"FFB Ashaffenburg\"},\"url\":\"https:\\\/\\\/www.ffbetania.net\\\/de\\\/author\\\/ffb-ashaffenburg\\\/\"}]}<\/script>\n<!-- \/ Yoast SEO plugin. -->","yoast_head_json":{"title":"Sozialer Weihnachtsmarkt - Fraternit\u00e0 Francescana di Betania","description":"Ein Weihnachtsmarkt der besonderen Art in stimmungsvoller Atmosph\u00e4reAm ersten Adventssonntag, 30. November 2025, l\u00e4dt der Soziale Weihnachtsmarkt von 12 bis 17 Uhr in den idyllischen Garten des Kapuzinerklosters Aschaffenburg ein.","robots":{"index":"index","follow":"follow","max-snippet":"max-snippet:-1","max-image-preview":"max-image-preview:large","max-video-preview":"max-video-preview:-1"},"canonical":"https:\/\/www.ffbetania.net\/de\/sozialer-weinachtsmarkt\/","og_locale":"de_DE","og_type":"article","og_title":"Sozialer Weihnachtsmarkt - Fraternit\u00e0 Francescana di Betania","og_description":"Ein Weihnachtsmarkt der besonderen Art in stimmungsvoller Atmosph\u00e4reAm ersten Adventssonntag, 30. November 2025, l\u00e4dt der Soziale Weihnachtsmarkt von 12 bis 17 Uhr in den idyllischen Garten des Kapuzinerklosters Aschaffenburg ein.","og_url":"https:\/\/www.ffbetania.net\/de\/sozialer-weinachtsmarkt\/","og_site_name":"Fraternit\u00e0 Francescana di Betania","article_published_time":"2025-10-16T14:19:20+00:00","article_modified_time":"2025-10-31T11:14:28+00:00","og_image":[{"width":1080,"height":1350,"url":"https:\/\/www.ffbetania.net\/wp-content\/uploads\/2025\/10\/IMG-20251005-WA0011.jpg","type":"image\/jpeg"}],"author":"FFB Ashaffenburg","twitter_card":"summary_large_image","twitter_misc":{"Verfasst von":"FFB Ashaffenburg","Gesch\u00e4tzte Lesezeit":"1\u00a0Minute"},"schema":{"@context":"https:\/\/schema.org","@graph":[{"@type":"Article","@id":"https:\/\/www.ffbetania.net\/de\/sozialer-weinachtsmarkt\/#article","isPartOf":{"@id":"https:\/\/www.ffbetania.net\/de\/sozialer-weinachtsmarkt\/"},"author":{"name":"FFB Ashaffenburg","@id":"https:\/\/www.ffbetania.net\/de\/#\/schema\/person\/eff4224d24aceb1a69a032b49d4e66e7"},"headline":"Sozialer Weihnachtsmarkt","datePublished":"2025-10-16T14:19:20+00:00","dateModified":"2025-10-31T11:14:28+00:00","mainEntityOfPage":{"@id":"https:\/\/www.ffbetania.net\/de\/sozialer-weinachtsmarkt\/"},"wordCount":286,"image":{"@id":"https:\/\/www.ffbetania.net\/de\/sozialer-weinachtsmarkt\/#primaryimage"},"thumbnailUrl":"https:\/\/www.ffbetania.net\/wp-content\/uploads\/2025\/10\/IMG-20251005-WA0011.jpg","keywords":["FGB","FGB Aschaffenburg","Fraternit\u00e0 Francescana di Betania"],"articleSection":["Aktuelles Fraternit\u00e0","Aschaffenburg"],"inLanguage":"de"},{"@type":"WebPage","@id":"https:\/\/www.ffbetania.net\/de\/sozialer-weinachtsmarkt\/","url":"https:\/\/www.ffbetania.net\/de\/sozialer-weinachtsmarkt\/","name":"Sozialer Weihnachtsmarkt - Fraternit\u00e0 Francescana di Betania","isPartOf":{"@id":"https:\/\/www.ffbetania.net\/de\/#website"},"primaryImageOfPage":{"@id":"https:\/\/www.ffbetania.net\/de\/sozialer-weinachtsmarkt\/#primaryimage"},"image":{"@id":"https:\/\/www.ffbetania.net\/de\/sozialer-weinachtsmarkt\/#primaryimage"},"thumbnailUrl":"https:\/\/www.ffbetania.net\/wp-content\/uploads\/2025\/10\/IMG-20251005-WA0011.jpg","datePublished":"2025-10-16T14:19:20+00:00","dateModified":"2025-10-31T11:14:28+00:00","author":{"@id":"https:\/\/www.ffbetania.net\/de\/#\/schema\/person\/eff4224d24aceb1a69a032b49d4e66e7"},"description":"Ein Weihnachtsmarkt der besonderen Art in stimmungsvoller Atmosph\u00e4reAm ersten Adventssonntag, 30. November 2025, l\u00e4dt der Soziale Weihnachtsmarkt von 12 bis 17 Uhr in den idyllischen Garten des Kapuzinerklosters Aschaffenburg ein.","breadcrumb":{"@id":"https:\/\/www.ffbetania.net\/de\/sozialer-weinachtsmarkt\/#breadcrumb"},"inLanguage":"de","potentialAction":[{"@type":"ReadAction","target":["https:\/\/www.ffbetania.net\/de\/sozialer-weinachtsmarkt\/"]}]},{"@type":"ImageObject","inLanguage":"de","@id":"https:\/\/www.ffbetania.net\/de\/sozialer-weinachtsmarkt\/#primaryimage","url":"https:\/\/www.ffbetania.net\/wp-content\/uploads\/2025\/10\/IMG-20251005-WA0011.jpg","contentUrl":"https:\/\/www.ffbetania.net\/wp-content\/uploads\/2025\/10\/IMG-20251005-WA0011.jpg","width":1080,"height":1350},{"@type":"BreadcrumbList","@id":"https:\/\/www.ffbetania.net\/de\/sozialer-weinachtsmarkt\/#breadcrumb","itemListElement":[{"@type":"ListItem","position":1,"name":"Home","item":"https:\/\/www.ffbetania.net\/de\/"},{"@type":"ListItem","position":2,"name":"Sozialer Weihnachtsmarkt"}]},{"@type":"WebSite","@id":"https:\/\/www.ffbetania.net\/de\/#website","url":"https:\/\/www.ffbetania.net\/de\/","name":"Fraternit\u00e0 Francescana di Betania","description":"La Fraternit\u00e0 Francescana di Betania \u00e8 lieta di rendervi partecipi di questa gioia","potentialAction":[{"@type":"SearchAction","target":{"@type":"EntryPoint","urlTemplate":"https:\/\/www.ffbetania.net\/de\/?s={search_term_string}"},"query-input":{"@type":"PropertyValueSpecification","valueRequired":true,"valueName":"search_term_string"}}],"inLanguage":"de"},{"@type":"Person","@id":"https:\/\/www.ffbetania.net\/de\/#\/schema\/person\/eff4224d24aceb1a69a032b49d4e66e7","name":"FFB Ashaffenburg","image":{"@type":"ImageObject","inLanguage":"de","@id":"https:\/\/secure.gravatar.com\/avatar\/130771f1ea51c40df9f80c1cbb99cfd8f326251d9b6cc9890942585a4a6439d5?s=96&d=mm&r=g","url":"https:\/\/secure.gravatar.com\/avatar\/130771f1ea51c40df9f80c1cbb99cfd8f326251d9b6cc9890942585a4a6439d5?s=96&d=mm&r=g","contentUrl":"https:\/\/secure.gravatar.com\/avatar\/130771f1ea51c40df9f80c1cbb99cfd8f326251d9b6cc9890942585a4a6439d5?s=96&d=mm&r=g","caption":"FFB Ashaffenburg"},"url":"https:\/\/www.ffbetania.net\/de\/author\/ffb-ashaffenburg\/"}]}},"_links":{"self":[{"href":"https:\/\/www.ffbetania.net\/de\/wp-json\/wp\/v2\/posts\/265783","targetHints":{"allow":["GET"]}}],"collection":[{"href":"https:\/\/www.ffbetania.net\/de\/wp-json\/wp\/v2\/posts"}],"about":[{"href":"https:\/\/www.ffbetania.net\/de\/wp-json\/wp\/v2\/types\/post"}],"author":[{"embeddable":true,"href":"https:\/\/www.ffbetania.net\/de\/wp-json\/wp\/v2\/users\/14"}],"replies":[{"embeddable":true,"href":"https:\/\/www.ffbetania.net\/de\/wp-json\/wp\/v2\/comments?post=265783"}],"version-history":[{"count":37,"href":"https:\/\/www.ffbetania.net\/de\/wp-json\/wp\/v2\/posts\/265783\/revisions"}],"predecessor-version":[{"id":266040,"href":"https:\/\/www.ffbetania.net\/de\/wp-json\/wp\/v2\/posts\/265783\/revisions\/266040"}],"wp:featuredmedia":[{"embeddable":true,"href":"https:\/\/www.ffbetania.net\/de\/wp-json\/wp\/v2\/media\/265765"}],"wp:attachment":[{"href":"https:\/\/www.ffbetania.net\/de\/wp-json\/wp\/v2\/media?parent=265783"}],"wp:term":[{"taxonomy":"category","embeddable":true,"href":"https:\/\/www.ffbetania.net\/de\/wp-json\/wp\/v2\/categories?post=265783"},{"taxonomy":"post_tag","embeddable":true,"href":"https:\/\/www.ffbetania.net\/de\/wp-json\/wp\/v2\/tags?post=265783"}],"curies":[{"name":"wp","href":"https:\/\/api.w.org\/{rel}","templated":true}]}}